{"id":33468,"date":"2025-04-18T16:39:46","date_gmt":"2025-04-18T16:39:46","guid":{"rendered":"https:\/\/alpeor.com\/?p=33468"},"modified":"2025-04-24T13:45:38","modified_gmt":"2025-04-24T13:45:38","slug":"oily-skin-controlling-shine","status":"publish","type":"post","link":"https:\/\/alpeor.com\/fr\/oily-skin-controlling-shine\/","title":{"rendered":"Peaux \u00e0 tendance grasse : comprendre et ma\u00eetriser la brillance, m\u00eame apr\u00e8s 35 ans"},"content":{"rendered":"<h2>La r\u00e9alit\u00e9 des peaux grasses : une question d\u2019\u00e9quilibre biologique<\/h2>\n<p>La peau \u00e0 tendance grasse se caract\u00e9rise par une production excessive de s\u00e9bum, cette substance lipidique naturellement produite par les glandes s\u00e9bac\u00e9es. Son r\u00f4le est essentiel : prot\u00e9ger la peau et maintenir son hydratation. Cependant, en exc\u00e8s, le s\u00e9bum peut engendrer des brillances, des pores dilat\u00e9s et des imperfections.<br \/>\nContrairement aux id\u00e9es re\u00e7ues, le vieillissement cutan\u00e9 ne met pas forc\u00e9ment fin \u00e0 ce ph\u00e9nom\u00e8ne. Pollution, stress, changements climatiques importants sont autant de facteurs contribuant au d\u00e9s\u00e9quilibre cutan\u00e9 et \u00e0 la production excessive de s\u00e9bum.<\/p>\n<h2>Les raisons d\u2019une peau \u00e0 tendance grasse : quelques m\u00e9canismes cl\u00e9s<\/h2>\n<p>La production de s\u00e9bum est influenc\u00e9e par :<\/p>\n<ul>\n<li>Les hormones, notamment les androg\u00e8nes, encore actives chez la femme apr\u00e8s la m\u00e9nopause.<\/li>\n<li>Le stress oxydatif, qui perturbe les cellules cutan\u00e9es.<\/li>\n<li>Le microbiome cutan\u00e9, dont le d\u00e9s\u00e9quilibre favorise inflammations et s\u00e9borrh\u00e9e.<\/li>\n<\/ul>\n<p>Avec l\u2019\u00e2ge, la peau devient aussi plus fine et plus fragile. La barri\u00e8re cutan\u00e9e se fragilise, rendant la peau \u00e0 la fois plus sensible et plus sujette aux d\u00e9s\u00e9quilibres hydrolipidiques.<\/p>\n<h2>Comment r\u00e9pondre aux besoins des peaux grasses?<\/h2>\n<p>Une peau agress\u00e9e r\u00e9agit en produisant trop de s\u00e9bum. Il est d\u00e8s lors essentiel d\u2019opter pour des soins doux et apaisants respectant l\u2019\u00e9quilibre cutan\u00e9 tout en r\u00e9gulant l\u2019activit\u00e9 s\u00e9bor\u00e9gulatrice et dermoprotectrice.<\/p>\n<h2>Voile Harmonie : une formule innovante &amp; une plante alpine hautement concentr\u00e9e pour un \u00e9quilibre cutan\u00e9 retrouv\u00e9<\/h2>\n<p>Au c\u0153ur de la nouvelle formule du Voile Harmonie, l\u2019\u00c9pilobe. Cette plante alpine suisse est reconnue en phytodermatologie pour ses vertus matifiantes et anti-inflammatoires :<\/p>\n<ul>\n<li>Il agit sur les glandes s\u00e9bac\u00e9es, pour r\u00e9duire la production de s\u00e9bum sans inhiber les fonctions naturelles de la peau.<\/li>\n<li>Il apaise les irritations souvent pr\u00e9sentes sur les peaux grasses.<\/li>\n<li>Il participe au maintien d\u2019un pH \u00e9quilibr\u00e9, garantissant ainsi une peau plus nette, plus uniforme.<\/li>\n<\/ul>\n<p><img loading=\"lazy\" decoding=\"async\" class=\"wp-image-33474 aligncenter\" src=\"https:\/\/alpeor.com\/wp-content\/uploads\/2025\/04\/harmony-fluid-product.jpg\" alt=\"harmony-fluid-product\" width=\"322\" height=\"472\" \/><\/p>\n<p>Gr\u00e2ce \u00e0 l\u2019association unique de l\u2019Epilobe aux autres puissants actifs de la nouvelle formule du soin Voile Harmonie, la recherche Alpeor a d\u00e9velopp\u00e9 un soin matifiant capable de diminuer la brillance de la peau tout en veillant \u00e0 son \u00e9quilibre et \u00e0 son hydratation. Ainsi, sa formulation adapt\u00e9e au pH de la peau agit sur trois axes essentiels :<\/p>\n<ol>\n<li><strong>Purifier:<\/strong> il favorise un microbiome sain, essentiel \u00e0 l\u2019\u00e9quilibre cutan\u00e9.<\/li>\n<li><strong>Hydrater<\/strong> il garantit un confort continu sans surcharge lipidique.<\/li>\n<li><strong>Mattify:<\/strong> il offre une r\u00e9gulation imm\u00e9diate et prolong\u00e9e des brillances.<\/li>\n<\/ol>\n<p>Jour apr\u00e8s jour, la peau est apais\u00e9e, nette et douce. Le teint est clarifi\u00e9, mate et radieux.<\/p>\n<p style=\"text-align: center; padding-top: 20px; padding-bottom: 20px;\"><a class=\"custom-link\" href=\"https:\/\/alpeor.com\/product\/harmony-fluid\/\"><span class=\"text\">D\u00e9couvrir<\/span><\/a><\/p>","protected":false},"excerpt":{"rendered":"<p>La peau grasse ne concerne pas uniquement les peaux jeunes. La surproduction de s\u00e9bum, qui perturbe le confort et l\u2019apparence de la peau peut appara\u00eetre m\u00eame apr\u00e8s 35 ans. Pourquoi ce d\u00e9s\u00e9quilibre persiste-t-il, et comment y rem\u00e9dier efficacement sans compromettre l\u2019hydratation et la sant\u00e9 cutan\u00e9e ?\t<\/p>","protected":false},"author":1,"featured_media":33471,"comment_status":"open","ping_status":"open","sticky":false,"template":"","format":"standard","meta":{"_acf_changed":false,"_et_pb_use_builder":"","_et_pb_old_content":"","_et_gb_content_width":"","footnotes":""},"categories":[1],"tags":[],"class_list":["post-33468","post","type-post","status-publish","format-standard","has-post-thumbnail","hentry","category-uncategorized"],"acf":[],"_links":{"self":[{"href":"https:\/\/alpeor.com\/fr\/wp-json\/wp\/v2\/posts\/33468","targetHints":{"allow":["GET"]}}],"collection":[{"href":"https:\/\/alpeor.com\/fr\/wp-json\/wp\/v2\/posts"}],"about":[{"href":"https:\/\/alpeor.com\/fr\/wp-json\/wp\/v2\/types\/post"}],"author":[{"embeddable":true,"href":"https:\/\/alpeor.com\/fr\/wp-json\/wp\/v2\/users\/1"}],"replies":[{"embeddable":true,"href":"https:\/\/alpeor.com\/fr\/wp-json\/wp\/v2\/comments?post=33468"}],"version-history":[{"count":2,"href":"https:\/\/alpeor.com\/fr\/wp-json\/wp\/v2\/posts\/33468\/revisions"}],"predecessor-version":[{"id":33475,"href":"https:\/\/alpeor.com\/fr\/wp-json\/wp\/v2\/posts\/33468\/revisions\/33475"}],"wp:featuredmedia":[{"embeddable":true,"href":"https:\/\/alpeor.com\/fr\/wp-json\/wp\/v2\/media\/33471"}],"wp:attachment":[{"href":"https:\/\/alpeor.com\/fr\/wp-json\/wp\/v2\/media?parent=33468"}],"wp:term":[{"taxonomy":"category","embeddable":true,"href":"https:\/\/alpeor.com\/fr\/wp-json\/wp\/v2\/categories?post=33468"},{"taxonomy":"post_tag","embeddable":true,"href":"https:\/\/alpeor.com\/fr\/wp-json\/wp\/v2\/tags?post=33468"}],"curies":[{"name":"wp","href":"https:\/\/api.w.org\/{rel}","templated":true}]}}